{"id":30972,"date":"2025-10-18T13:59:33","date_gmt":"2025-10-18T12:59:33","guid":{"rendered":"https:\/\/www.fbt-avocats.ch\/?p=30972"},"modified":"2025-12-01T14:06:47","modified_gmt":"2025-12-01T13:06:47","slug":"fbt-avocats-is-proud-to-announce-its-recognition-as-a-recommended-firm-in-this-years-iflr1000-western-europe-rankings","status":"publish","type":"post","link":"https:\/\/staging.fbt-avocats.ch\/en\/fbt-avocats-is-proud-to-announce-its-recognition-as-a-recommended-firm-in-this-years-iflr1000-western-europe-rankings\/","title":{"rendered":"FBT Avocats SA is proud to announce its recognition as a Recommended Firm in this year\u2019s IFLR1000 Western Europe rankings"},"content":{"rendered":"\n<style type=\"text\/css\" data-created_by=\"avia_inline_auto\" id=\"style-css-av-2etm70-18119d64f2fb4dae83c6c7ce50a97b7b\">\n.flex_column.av-2etm70-18119d64f2fb4dae83c6c7ce50a97b7b{\nborder-radius:0px 0px 0px 0px;\npadding:0px 0px 0px 0px;\n}\n<\/style>\n<div  class='flex_column av-2etm70-18119d64f2fb4dae83c6c7ce50a97b7b av_one_full  avia-builder-el-0  el_before_av_hr  avia-builder-el-first  first flex_column_div av-zero-column-padding  '     ><p>\n<style type=\"text\/css\" data-created_by=\"avia_inline_auto\" id=\"style-css-av-mi4l13dl-c0d2af068178865d8e8d1c9e811e573e\">\n#top .av-special-heading.av-mi4l13dl-c0d2af068178865d8e8d1c9e811e573e{\npadding-bottom:10px;\nfont-size:26px;\n}\nbody .av-special-heading.av-mi4l13dl-c0d2af068178865d8e8d1c9e811e573e .av-special-heading-tag .heading-char{\nfont-size:25px;\n}\n#top #wrap_all .av-special-heading.av-mi4l13dl-c0d2af068178865d8e8d1c9e811e573e .av-special-heading-tag{\nfont-size:26px;\n}\n.av-special-heading.av-mi4l13dl-c0d2af068178865d8e8d1c9e811e573e .av-subheading{\nfont-size:15px;\n}\n\n@media only screen and (min-width: 480px) and (max-width: 767px){ \n#top #wrap_all .av-special-heading.av-mi4l13dl-c0d2af068178865d8e8d1c9e811e573e .av-special-heading-tag{\nfont-size:0.8em;\n}\n}\n\n@media only screen and (max-width: 479px){ \n#top #wrap_all .av-special-heading.av-mi4l13dl-c0d2af068178865d8e8d1c9e811e573e .av-special-heading-tag{\nfont-size:0.8em;\n}\n}\n<\/style>\n<div  class='av-special-heading av-mi4l13dl-c0d2af068178865d8e8d1c9e811e573e av-special-heading-h1 blockquote modern-quote  avia-builder-el-1  el_before_av_textblock  avia-builder-el-first  av-inherit-size'><h1 class='av-special-heading-tag '  itemprop=\"headline\"  >FBT Avocats SA is proud to announce its recognition as a Recommended Firm in this year\u2019s IFLR1000 Western Europe rankings.<\/h1><div class='av-subheading av-subheading_below'><p>October 2025<br \/>\nFr\u00e9d\u00e9rique Bensahel<\/p>\n<\/div><div class=\"special-heading-border\"><div class=\"special-heading-inner-border\"><\/div><\/div><\/div><br \/>\n<section  class='av_textblock_section av-jnbvyq3d-c7f69aaf0105aaab2cdd6aefc764e89e '   itemscope=\"itemscope\" itemtype=\"https:\/\/schema.org\/BlogPosting\" itemprop=\"blogPost\" ><div class='avia_textblock'  itemprop=\"text\" ><p>FBT Avocats SA is proud to announce its recognition as a Recommended Firm in this year\u2019s IFLR1000 Western Europe rankings.<\/p>\n<p>We are honoured to have been ranked in the categories of Financial Services Regulatory and\u00a0Banking &amp; Finance. Our Partner, <a href=\"https:\/\/staging.fbt-avocats.ch\/en\/portfolio-item\/frederique-bensahel\/\">Fr\u00e9d\u00e9rique Bensahel<\/a>, has also been recognized by her peers as a Highly Regarded Lawyer for her outstanding work in Banking &amp; Finance Law.<\/p>\n<p>Congratulations to our entire team for their dedication and excellence!<br \/>\nWe extend our sincere gratitude to our clients for their continued trust, recommendations and testimonials.<\/p>\n<p>For further information:<br \/>\n<a href=\"https:\/\/www.iflr1000.com\/Firm\/FBT-Attorneys-at-law-Switzerland\/Profile\/8282#rankings\" target=\"_blank\" rel=\"noopener\">www.iflr1000.com<\/a><\/p>\n<\/div><\/section><\/p><\/div>\n<style type=\"text\/css\" data-created_by=\"avia_inline_auto\" id=\"style-css-av-mi4l6rqf-3cddda0746d9892ddc6d57d8646a6edc\">\n#top .hr.hr-invisible.av-mi4l6rqf-3cddda0746d9892ddc6d57d8646a6edc{\nheight:30px;\n}\n<\/style>\n<div  class='hr av-mi4l6rqf-3cddda0746d9892ddc6d57d8646a6edc hr-invisible  avia-builder-el-3  el_after_av_one_full  el_before_av_slideshow '><span class='hr-inner '><span class=\"hr-inner-style\"><\/span><\/span><\/div><\/p>\n<div  class='avia-slideshow av-mi4l5a4j-705257e834003b0433a2a5f4d6217d27 avia-slideshow-no scaling av_slideshow avia-slide-slider  avia-builder-el-4  el_after_av_hr  avia-builder-el-last  av-slideshow-ui av-control-default av-slideshow-manual av-loop-once av-loop-manual-endless av-default-height-applied avia-slideshow-1' data-slideshow-options=\"{&quot;animation&quot;:&quot;slide&quot;,&quot;autoplay&quot;:false,&quot;loop_autoplay&quot;:&quot;once&quot;,&quot;interval&quot;:5,&quot;loop_manual&quot;:&quot;manual-endless&quot;,&quot;autoplay_stopper&quot;:false,&quot;noNavigation&quot;:false,&quot;bg_slider&quot;:false,&quot;keep_padding&quot;:false,&quot;hoverpause&quot;:false,&quot;show_slide_delay&quot;:0}\"  itemprop=\"image\" itemscope=\"itemscope\" itemtype=\"https:\/\/schema.org\/ImageObject\" ><ul class='avia-slideshow-inner ' style='padding-bottom: 52.333333333333%;'><li  class='avia-slideshow-slide av-mi4l5a4j-705257e834003b0433a2a5f4d6217d27__0  av-single-slide slide-1 slide-odd'><div data-rel='slideshow-1' class='avia-slide-wrap '   ><img fetchpriority=\"high\" class=\"wp-image-30970 avia-img-lazy-loading-not-30970\"  src='https:\/\/staging.fbt-avocats.ch\/wp-content\/uploads\/2025\/11\/1760367418095.jpg' width='1200' height='628' title='1760367418095' alt=''  itemprop=\"thumbnailUrl\"   \/><\/div><\/li><\/ul><\/div>\n","protected":false},"excerpt":{"rendered":"<p>We are honoured to have been ranked in the categories of Financial Services Regulatory and Banking &#038; Finance. <\/p>\n","protected":false},"author":26,"featured_media":0,"comment_status":"closed","ping_status":"closed","sticky":false,"template":"","format":"standard","meta":{"footnotes":""},"categories":[84],"tags":[],"datespeciale":[],"class_list":["post-30972","post","type-post","status-publish","format-standard","hentry","category-media-and-news","competences-banking-and-finance","auteurs-frederique-bensahel-en","date-publication-2025-en","diffusion-groupe-bancaire-en","diffusion-medias-en"],"yoast_head":"<!-- This site is optimized with the Yoast SEO Premium plugin v27.4 (Yoast SEO v27.4) - https:\/\/yoast.com\/product\/yoast-seo-premium-wordpress\/ -->\n<title>FBT Avocats SA is proud to announce its recognition as a Recommended Firm in this year\u2019s IFLR1000 Western Europe rankings | FBT Avocats SA<\/title>\n<meta name=\"robots\" content=\"noindex, follow, max-snippet:-1, max-image-preview:large, max-video-preview:-1\" \/>\n<meta property=\"og:locale\" content=\"en_US\" \/>\n<meta property=\"og:type\" content=\"article\" \/>\n<meta property=\"og:title\" content=\"FBT Avocats SA is proud to announce its recognition as a Recommended Firm in this year\u2019s IFLR1000 Western Europe rankings\" \/>\n<meta property=\"og:description\" content=\"We are honoured to have been ranked in the categories of Financial Services Regulatory and Banking &amp; Finance.\" \/>\n<meta property=\"og:url\" content=\"https:\/\/staging.fbt-avocats.ch\/en\/fbt-avocats-is-proud-to-announce-its-recognition-as-a-recommended-firm-in-this-years-iflr1000-western-europe-rankings\/\" \/>\n<meta property=\"og:site_name\" content=\"FBT Avocats SA\" \/>\n<meta property=\"article:published_time\" content=\"2025-10-18T12:59:33+00:00\" \/>\n<meta property=\"article:modified_time\" content=\"2025-12-01T13:06:47+00:00\" \/>\n<meta name=\"author\" content=\"Yann Bellini\" \/>\n<meta name=\"twitter:card\" content=\"summary_large_image\" \/>\n<meta name=\"twitter:label1\" content=\"Written by\" \/>\n\t<meta name=\"twitter:data1\" content=\"Yann Bellini\" \/>\n\t<meta name=\"twitter:label2\" content=\"Est. reading time\" \/>\n\t<meta name=\"twitter:data2\" content=\"2 minutes\" \/>\n<script type=\"application\/ld+json\" class=\"yoast-schema-graph\">{\"@context\":\"https:\\\/\\\/schema.org\",\"@graph\":[{\"@type\":\"Article\",\"@id\":\"https:\\\/\\\/staging.fbt-avocats.ch\\\/en\\\/fbt-avocats-is-proud-to-announce-its-recognition-as-a-recommended-firm-in-this-years-iflr1000-western-europe-rankings\\\/#article\",\"isPartOf\":{\"@id\":\"https:\\\/\\\/staging.fbt-avocats.ch\\\/en\\\/fbt-avocats-is-proud-to-announce-its-recognition-as-a-recommended-firm-in-this-years-iflr1000-western-europe-rankings\\\/\"},\"author\":{\"name\":\"Yann Bellini\",\"@id\":\"https:\\\/\\\/staging.fbt-avocats.ch\\\/en\\\/#\\\/schema\\\/person\\\/53faa592d1d545188ce0efaa23e0b547\"},\"headline\":\"FBT Avocats SA is proud to announce its recognition as a Recommended Firm in this year\u2019s IFLR1000 Western Europe rankings\",\"datePublished\":\"2025-10-18T12:59:33+00:00\",\"dateModified\":\"2025-12-01T13:06:47+00:00\",\"mainEntityOfPage\":{\"@id\":\"https:\\\/\\\/staging.fbt-avocats.ch\\\/en\\\/fbt-avocats-is-proud-to-announce-its-recognition-as-a-recommended-firm-in-this-years-iflr1000-western-europe-rankings\\\/\"},\"wordCount\":378,\"articleSection\":[\"Media and News\"],\"inLanguage\":\"en-US\"},{\"@type\":\"WebPage\",\"@id\":\"https:\\\/\\\/staging.fbt-avocats.ch\\\/en\\\/fbt-avocats-is-proud-to-announce-its-recognition-as-a-recommended-firm-in-this-years-iflr1000-western-europe-rankings\\\/\",\"url\":\"https:\\\/\\\/staging.fbt-avocats.ch\\\/en\\\/fbt-avocats-is-proud-to-announce-its-recognition-as-a-recommended-firm-in-this-years-iflr1000-western-europe-rankings\\\/\",\"name\":\"FBT Avocats SA is proud to announce its recognition as a Recommended Firm in this year\u2019s IFLR1000 Western Europe rankings | FBT Avocats SA\",\"isPartOf\":{\"@id\":\"https:\\\/\\\/staging.fbt-avocats.ch\\\/en\\\/#website\"},\"datePublished\":\"2025-10-18T12:59:33+00:00\",\"dateModified\":\"2025-12-01T13:06:47+00:00\",\"author\":{\"@id\":\"https:\\\/\\\/staging.fbt-avocats.ch\\\/en\\\/#\\\/schema\\\/person\\\/53faa592d1d545188ce0efaa23e0b547\"},\"breadcrumb\":{\"@id\":\"https:\\\/\\\/staging.fbt-avocats.ch\\\/en\\\/fbt-avocats-is-proud-to-announce-its-recognition-as-a-recommended-firm-in-this-years-iflr1000-western-europe-rankings\\\/#breadcrumb\"},\"inLanguage\":\"en-US\",\"potentialAction\":[{\"@type\":\"ReadAction\",\"target\":[\"https:\\\/\\\/staging.fbt-avocats.ch\\\/en\\\/fbt-avocats-is-proud-to-announce-its-recognition-as-a-recommended-firm-in-this-years-iflr1000-western-europe-rankings\\\/\"]}]},{\"@type\":\"BreadcrumbList\",\"@id\":\"https:\\\/\\\/staging.fbt-avocats.ch\\\/en\\\/fbt-avocats-is-proud-to-announce-its-recognition-as-a-recommended-firm-in-this-years-iflr1000-western-europe-rankings\\\/#breadcrumb\",\"itemListElement\":[{\"@type\":\"ListItem\",\"position\":1,\"name\":\"Home\",\"item\":\"https:\\\/\\\/staging.fbt-avocats.ch\\\/en\\\/\"},{\"@type\":\"ListItem\",\"position\":2,\"name\":\"FBT Avocats SA is proud to announce its recognition as a Recommended Firm in this year\u2019s IFLR1000 Western Europe rankings\"}]},{\"@type\":\"WebSite\",\"@id\":\"https:\\\/\\\/staging.fbt-avocats.ch\\\/en\\\/#website\",\"url\":\"https:\\\/\\\/staging.fbt-avocats.ch\\\/en\\\/\",\"name\":\"FBT Avocats SA\",\"description\":\"Etudes bas\u00e9es \u00e0 Gen\u00e8ve et Paris\",\"potentialAction\":[{\"@type\":\"SearchAction\",\"target\":{\"@type\":\"EntryPoint\",\"urlTemplate\":\"https:\\\/\\\/staging.fbt-avocats.ch\\\/en\\\/?s={search_term_string}\"},\"query-input\":{\"@type\":\"PropertyValueSpecification\",\"valueRequired\":true,\"valueName\":\"search_term_string\"}}],\"inLanguage\":\"en-US\"},{\"@type\":\"Person\",\"@id\":\"https:\\\/\\\/staging.fbt-avocats.ch\\\/en\\\/#\\\/schema\\\/person\\\/53faa592d1d545188ce0efaa23e0b547\",\"name\":\"Yann Bellini\"}]}<\/script>\n<!-- \/ Yoast SEO Premium plugin. -->","yoast_head_json":{"title":"FBT Avocats SA is proud to announce its recognition as a Recommended Firm in this year\u2019s IFLR1000 Western Europe rankings | FBT Avocats SA","robots":{"index":"noindex","follow":"follow","max-snippet":"max-snippet:-1","max-image-preview":"max-image-preview:large","max-video-preview":"max-video-preview:-1"},"og_locale":"en_US","og_type":"article","og_title":"FBT Avocats SA is proud to announce its recognition as a Recommended Firm in this year\u2019s IFLR1000 Western Europe rankings","og_description":"We are honoured to have been ranked in the categories of Financial Services Regulatory and Banking & Finance.","og_url":"https:\/\/staging.fbt-avocats.ch\/en\/fbt-avocats-is-proud-to-announce-its-recognition-as-a-recommended-firm-in-this-years-iflr1000-western-europe-rankings\/","og_site_name":"FBT Avocats SA","article_published_time":"2025-10-18T12:59:33+00:00","article_modified_time":"2025-12-01T13:06:47+00:00","author":"Yann Bellini","twitter_card":"summary_large_image","twitter_misc":{"Written by":"Yann Bellini","Est. reading time":"2 minutes"},"schema":{"@context":"https:\/\/schema.org","@graph":[{"@type":"Article","@id":"https:\/\/staging.fbt-avocats.ch\/en\/fbt-avocats-is-proud-to-announce-its-recognition-as-a-recommended-firm-in-this-years-iflr1000-western-europe-rankings\/#article","isPartOf":{"@id":"https:\/\/staging.fbt-avocats.ch\/en\/fbt-avocats-is-proud-to-announce-its-recognition-as-a-recommended-firm-in-this-years-iflr1000-western-europe-rankings\/"},"author":{"name":"Yann Bellini","@id":"https:\/\/staging.fbt-avocats.ch\/en\/#\/schema\/person\/53faa592d1d545188ce0efaa23e0b547"},"headline":"FBT Avocats SA is proud to announce its recognition as a Recommended Firm in this year\u2019s IFLR1000 Western Europe rankings","datePublished":"2025-10-18T12:59:33+00:00","dateModified":"2025-12-01T13:06:47+00:00","mainEntityOfPage":{"@id":"https:\/\/staging.fbt-avocats.ch\/en\/fbt-avocats-is-proud-to-announce-its-recognition-as-a-recommended-firm-in-this-years-iflr1000-western-europe-rankings\/"},"wordCount":378,"articleSection":["Media and News"],"inLanguage":"en-US"},{"@type":"WebPage","@id":"https:\/\/staging.fbt-avocats.ch\/en\/fbt-avocats-is-proud-to-announce-its-recognition-as-a-recommended-firm-in-this-years-iflr1000-western-europe-rankings\/","url":"https:\/\/staging.fbt-avocats.ch\/en\/fbt-avocats-is-proud-to-announce-its-recognition-as-a-recommended-firm-in-this-years-iflr1000-western-europe-rankings\/","name":"FBT Avocats SA is proud to announce its recognition as a Recommended Firm in this year\u2019s IFLR1000 Western Europe rankings | FBT Avocats SA","isPartOf":{"@id":"https:\/\/staging.fbt-avocats.ch\/en\/#website"},"datePublished":"2025-10-18T12:59:33+00:00","dateModified":"2025-12-01T13:06:47+00:00","author":{"@id":"https:\/\/staging.fbt-avocats.ch\/en\/#\/schema\/person\/53faa592d1d545188ce0efaa23e0b547"},"breadcrumb":{"@id":"https:\/\/staging.fbt-avocats.ch\/en\/fbt-avocats-is-proud-to-announce-its-recognition-as-a-recommended-firm-in-this-years-iflr1000-western-europe-rankings\/#breadcrumb"},"inLanguage":"en-US","potentialAction":[{"@type":"ReadAction","target":["https:\/\/staging.fbt-avocats.ch\/en\/fbt-avocats-is-proud-to-announce-its-recognition-as-a-recommended-firm-in-this-years-iflr1000-western-europe-rankings\/"]}]},{"@type":"BreadcrumbList","@id":"https:\/\/staging.fbt-avocats.ch\/en\/fbt-avocats-is-proud-to-announce-its-recognition-as-a-recommended-firm-in-this-years-iflr1000-western-europe-rankings\/#breadcrumb","itemListElement":[{"@type":"ListItem","position":1,"name":"Home","item":"https:\/\/staging.fbt-avocats.ch\/en\/"},{"@type":"ListItem","position":2,"name":"FBT Avocats SA is proud to announce its recognition as a Recommended Firm in this year\u2019s IFLR1000 Western Europe rankings"}]},{"@type":"WebSite","@id":"https:\/\/staging.fbt-avocats.ch\/en\/#website","url":"https:\/\/staging.fbt-avocats.ch\/en\/","name":"FBT Avocats SA","description":"Etudes bas\u00e9es \u00e0 Gen\u00e8ve et Paris","potentialAction":[{"@type":"SearchAction","target":{"@type":"EntryPoint","urlTemplate":"https:\/\/staging.fbt-avocats.ch\/en\/?s={search_term_string}"},"query-input":{"@type":"PropertyValueSpecification","valueRequired":true,"valueName":"search_term_string"}}],"inLanguage":"en-US"},{"@type":"Person","@id":"https:\/\/staging.fbt-avocats.ch\/en\/#\/schema\/person\/53faa592d1d545188ce0efaa23e0b547","name":"Yann Bellini"}]}},"_links":{"self":[{"href":"https:\/\/staging.fbt-avocats.ch\/en\/wp-json\/wp\/v2\/posts\/30972","targetHints":{"allow":["GET"]}}],"collection":[{"href":"https:\/\/staging.fbt-avocats.ch\/en\/wp-json\/wp\/v2\/posts"}],"about":[{"href":"https:\/\/staging.fbt-avocats.ch\/en\/wp-json\/wp\/v2\/types\/post"}],"author":[{"embeddable":true,"href":"https:\/\/staging.fbt-avocats.ch\/en\/wp-json\/wp\/v2\/users\/26"}],"replies":[{"embeddable":true,"href":"https:\/\/staging.fbt-avocats.ch\/en\/wp-json\/wp\/v2\/comments?post=30972"}],"version-history":[{"count":0,"href":"https:\/\/staging.fbt-avocats.ch\/en\/wp-json\/wp\/v2\/posts\/30972\/revisions"}],"wp:attachment":[{"href":"https:\/\/staging.fbt-avocats.ch\/en\/wp-json\/wp\/v2\/media?parent=30972"}],"wp:term":[{"taxonomy":"category","embeddable":true,"href":"https:\/\/staging.fbt-avocats.ch\/en\/wp-json\/wp\/v2\/categories?post=30972"},{"taxonomy":"post_tag","embeddable":true,"href":"https:\/\/staging.fbt-avocats.ch\/en\/wp-json\/wp\/v2\/tags?post=30972"},{"taxonomy":"datespeciale","embeddable":true,"href":"https:\/\/staging.fbt-avocats.ch\/en\/wp-json\/wp\/v2\/datespeciale?post=30972"}],"curies":[{"name":"wp","href":"https:\/\/api.w.org\/{rel}","templated":true}]}}