{"id":30991,"date":"2025-09-18T14:16:38","date_gmt":"2025-09-18T13:16:38","guid":{"rendered":"https:\/\/www.fbt-avocats.ch\/lequipe-parisienne-de-fbt-avocats-a-ete-distinguee-guide-gestion-de-patrimoine-2025\/"},"modified":"2025-12-01T14:14:32","modified_gmt":"2025-12-01T13:14:32","slug":"lequipe-parisienne-de-fbt-avocats-a-ete-distinguee-guide-gestion-de-patrimoine-2025","status":"publish","type":"post","link":"https:\/\/staging.fbt-avocats.ch\/en\/lequipe-parisienne-de-fbt-avocats-a-ete-distinguee-guide-gestion-de-patrimoine-2025\/","title":{"rendered":"L\u2019\u00e9quipe parisienne de FBT Avocats SA a \u00e9t\u00e9 distingu\u00e9e dans le Guide Gestion de Patrimoine 2025"},"content":{"rendered":"\n<style type=\"text\/css\" data-created_by=\"avia_inline_auto\" id=\"style-css-av-2etm70-18119d64f2fb4dae83c6c7ce50a97b7b\">\n.flex_column.av-2etm70-18119d64f2fb4dae83c6c7ce50a97b7b{\nborder-radius:0px 0px 0px 0px;\npadding:0px 0px 0px 0px;\n}\n<\/style>\n<div  class='flex_column av-2etm70-18119d64f2fb4dae83c6c7ce50a97b7b av_one_full  avia-builder-el-0  el_before_av_hr  avia-builder-el-first  first flex_column_div av-zero-column-padding  '     ><p>\n<style type=\"text\/css\" data-created_by=\"avia_inline_auto\" id=\"style-css-av-mi4lo5uc-22ac43ec370857f64d2b29f4d6dfe0a0\">\n#top .av-special-heading.av-mi4lo5uc-22ac43ec370857f64d2b29f4d6dfe0a0{\npadding-bottom:10px;\nfont-size:26px;\n}\nbody .av-special-heading.av-mi4lo5uc-22ac43ec370857f64d2b29f4d6dfe0a0 .av-special-heading-tag .heading-char{\nfont-size:25px;\n}\n#top #wrap_all .av-special-heading.av-mi4lo5uc-22ac43ec370857f64d2b29f4d6dfe0a0 .av-special-heading-tag{\nfont-size:26px;\n}\n.av-special-heading.av-mi4lo5uc-22ac43ec370857f64d2b29f4d6dfe0a0 .av-subheading{\nfont-size:15px;\n}\n\n@media only screen and (min-width: 480px) and (max-width: 767px){ \n#top #wrap_all .av-special-heading.av-mi4lo5uc-22ac43ec370857f64d2b29f4d6dfe0a0 .av-special-heading-tag{\nfont-size:0.8em;\n}\n}\n\n@media only screen and (max-width: 479px){ \n#top #wrap_all .av-special-heading.av-mi4lo5uc-22ac43ec370857f64d2b29f4d6dfe0a0 .av-special-heading-tag{\nfont-size:0.8em;\n}\n}\n<\/style>\n<div  class='av-special-heading av-mi4lo5uc-22ac43ec370857f64d2b29f4d6dfe0a0 av-special-heading-h1 blockquote modern-quote  avia-builder-el-1  el_before_av_textblock  avia-builder-el-first  av-inherit-size'><h1 class='av-special-heading-tag '  itemprop=\"headline\"  >L\u2019\u00e9quipe parisienne de FBT Avocats SA a \u00e9t\u00e9 distingu\u00e9e dans le Guide Gestion de Patrimoine 2025<\/h1><div class='av-subheading av-subheading_below'><p>Septembre 2025<br \/>\nSt\u00e9phanie Barreira, J\u00e9r\u00f4me Bissardon et Alain Moreau<\/p>\n<\/div><div class=\"special-heading-border\"><div class=\"special-heading-inner-border\"><\/div><\/div><\/div><br \/>\n<section  class='av_textblock_section av-jnbvyq3d-c7f69aaf0105aaab2cdd6aefc764e89e '   itemscope=\"itemscope\" itemtype=\"https:\/\/schema.org\/BlogPosting\" itemprop=\"blogPost\" ><div class='avia_textblock'  itemprop=\"text\" ><p>Nous sommes fiers d\u2019annoncer que l\u2019\u00e9quipe parisienne de FBT Avocats SA a \u00e9t\u00e9 distingu\u00e9e dans le Guide Gestion de Patrimoine 2025, publi\u00e9 par <a href=\"https:\/\/www.leadersleague.com\/fr\" target=\"_blank\" rel=\"noopener\">D\u00e9cideurs | Leaders League<\/a>. Notre \u00c9tude y est reconnue pour sa forte notori\u00e9t\u00e9 en fiscalit\u00e9 du patrimoine ainsi qu\u2019en assistance pr\u00e9contentieuse et contentieuse.<\/p>\n<p>\u00ab\u00a0Depuis Paris et Gen\u00e8ve, FBT Avocats a profit\u00e9 de 2024 pour consolider son positionnement sur la fiscalit\u00e9 du dirigeant et la planification successorale transfrontali\u00e8re, avec une sp\u00e9cialisation marqu\u00e9e en droit international priv\u00e9\u00a0\u00bb.<\/p>\n<p>F\u00e9licitations \u00e0 tous les membres de notre \u00e9quipe d\u00e9vou\u00e9e pour leur travail remarquable.<\/p>\n<p>Pour consulter les classements sur la plateforme Leaders League\u00a0:<br \/>\n<a href=\"https:\/\/www.leadersleague.com\/fr\/classements\/gestion-de-patrimoine-fiscalite-du-patrimoine-classement-2025-cabinet-d-avocats-france\" target=\"_blank\" rel=\"noopener\">Fiscalit\u00e9 du patrimoine<\/a><br \/>\n<a href=\"https:\/\/www.leadersleague.com\/fr\/classements\/gestion-de-patrimoine-fiscalite-du-patrimoine-pre-contentieux-et-contentieux-classement-2025-cabinet-d-avocats-france\" target=\"_blank\" rel=\"noopener\">Fiscalit\u00e9 du patrimoine : pr\u00e9contentieux et contentieux<\/a><\/p>\n<\/div><\/section><\/p><\/div>\n<style type=\"text\/css\" data-created_by=\"avia_inline_auto\" id=\"style-css-av-mi4l6rqf-3cddda0746d9892ddc6d57d8646a6edc\">\n#top .hr.hr-invisible.av-mi4l6rqf-3cddda0746d9892ddc6d57d8646a6edc{\nheight:30px;\n}\n<\/style>\n<div  class='hr av-mi4l6rqf-3cddda0746d9892ddc6d57d8646a6edc hr-invisible  avia-builder-el-3  el_after_av_one_full  el_before_av_slideshow '><span class='hr-inner '><span class=\"hr-inner-style\"><\/span><\/span><\/div><\/p>\n<div  class='avia-slideshow av-mi4l5a4j-705257e834003b0433a2a5f4d6217d27 avia-slideshow-no scaling av_slideshow avia-slide-slider  avia-builder-el-4  el_after_av_hr  avia-builder-el-last  av-slideshow-ui av-control-default av-slideshow-manual av-loop-once av-loop-manual-endless av-default-height-applied avia-slideshow-1' data-slideshow-options=\"{&quot;animation&quot;:&quot;slide&quot;,&quot;autoplay&quot;:false,&quot;loop_autoplay&quot;:&quot;once&quot;,&quot;interval&quot;:5,&quot;loop_manual&quot;:&quot;manual-endless&quot;,&quot;autoplay_stopper&quot;:false,&quot;noNavigation&quot;:false,&quot;bg_slider&quot;:false,&quot;keep_padding&quot;:false,&quot;hoverpause&quot;:false,&quot;show_slide_delay&quot;:0}\"  itemprop=\"image\" itemscope=\"itemscope\" itemtype=\"https:\/\/schema.org\/ImageObject\" ><ul class='avia-slideshow-inner ' style='padding-bottom: 52.25%;'><li  class='avia-slideshow-slide av-mi4l5a4j-705257e834003b0433a2a5f4d6217d27__0  av-single-slide slide-1 slide-odd'><div data-rel='slideshow-1' class='avia-slide-wrap '   ><img fetchpriority=\"high\" class=\"wp-image-30986 avia-img-lazy-loading-not-30986\"  src='https:\/\/staging.fbt-avocats.ch\/wp-content\/uploads\/2025\/11\/1758611203613.jpg' width='800' height='418' title='1758611203613' alt=''  itemprop=\"thumbnailUrl\"   \/><\/div><\/li><\/ul><\/div>\n","protected":false},"excerpt":{"rendered":"<p>Notre \u00c9tude y est reconnue pour sa forte notori\u00e9t\u00e9 en fiscalit\u00e9 du patrimoine ainsi qu\u2019en assistance pr\u00e9contentieuse et contentieuse.<\/p>\n","protected":false},"author":26,"featured_media":0,"comment_status":"closed","ping_status":"closed","sticky":false,"template":"","format":"standard","meta":{"footnotes":""},"categories":[84],"tags":[],"datespeciale":[],"class_list":["post-30991","post","type-post","status-publish","format-standard","hentry","category-media-and-news","competences-family-estate","competences-tax","auteurs-alain-moreau-en","auteurs-jerome-bissardon-en","auteurs-stephanie-barreira-en-2","date-publication-2025-en","diffusion-groupe-fiscal-en","diffusion-groupe-patrimoine-en","diffusion-medias-en"],"yoast_head":"<!-- This site is optimized with the Yoast SEO Premium plugin v27.4 (Yoast SEO v27.4) - https:\/\/yoast.com\/product\/yoast-seo-premium-wordpress\/ -->\n<title>L\u2019\u00e9quipe parisienne de FBT Avocats SA a \u00e9t\u00e9 distingu\u00e9e dans le Guide Gestion de Patrimoine 2025 | FBT Avocats SA<\/title>\n<meta name=\"robots\" content=\"noindex, follow, max-snippet:-1, max-image-preview:large, max-video-preview:-1\" \/>\n<meta property=\"og:locale\" content=\"en_US\" \/>\n<meta property=\"og:type\" content=\"article\" \/>\n<meta property=\"og:title\" content=\"L\u2019\u00e9quipe parisienne de FBT Avocats SA a \u00e9t\u00e9 distingu\u00e9e dans le Guide Gestion de Patrimoine 2025\" \/>\n<meta property=\"og:description\" content=\"Notre \u00c9tude y est reconnue pour sa forte notori\u00e9t\u00e9 en fiscalit\u00e9 du patrimoine ainsi qu\u2019en assistance pr\u00e9contentieuse et contentieuse.\" \/>\n<meta property=\"og:url\" content=\"https:\/\/staging.fbt-avocats.ch\/en\/lequipe-parisienne-de-fbt-avocats-a-ete-distinguee-guide-gestion-de-patrimoine-2025\/\" \/>\n<meta property=\"og:site_name\" content=\"FBT Avocats SA\" \/>\n<meta property=\"article:published_time\" content=\"2025-09-18T13:16:38+00:00\" \/>\n<meta property=\"article:modified_time\" content=\"2025-12-01T13:14:32+00:00\" \/>\n<meta name=\"author\" content=\"Yann Bellini\" \/>\n<meta name=\"twitter:card\" content=\"summary_large_image\" \/>\n<meta name=\"twitter:label1\" content=\"Written by\" \/>\n\t<meta name=\"twitter:data1\" content=\"Yann Bellini\" \/>\n\t<meta name=\"twitter:label2\" content=\"Est. reading time\" \/>\n\t<meta name=\"twitter:data2\" content=\"2 minutes\" \/>\n<script type=\"application\/ld+json\" class=\"yoast-schema-graph\">{\"@context\":\"https:\\\/\\\/schema.org\",\"@graph\":[{\"@type\":\"Article\",\"@id\":\"https:\\\/\\\/staging.fbt-avocats.ch\\\/en\\\/lequipe-parisienne-de-fbt-avocats-a-ete-distinguee-guide-gestion-de-patrimoine-2025\\\/#article\",\"isPartOf\":{\"@id\":\"https:\\\/\\\/staging.fbt-avocats.ch\\\/en\\\/lequipe-parisienne-de-fbt-avocats-a-ete-distinguee-guide-gestion-de-patrimoine-2025\\\/\"},\"author\":{\"name\":\"Yann Bellini\",\"@id\":\"https:\\\/\\\/staging.fbt-avocats.ch\\\/en\\\/#\\\/schema\\\/person\\\/53faa592d1d545188ce0efaa23e0b547\"},\"headline\":\"L\u2019\u00e9quipe parisienne de FBT Avocats SA a \u00e9t\u00e9 distingu\u00e9e dans le Guide Gestion de Patrimoine 2025\",\"datePublished\":\"2025-09-18T13:16:38+00:00\",\"dateModified\":\"2025-12-01T13:14:32+00:00\",\"mainEntityOfPage\":{\"@id\":\"https:\\\/\\\/staging.fbt-avocats.ch\\\/en\\\/lequipe-parisienne-de-fbt-avocats-a-ete-distinguee-guide-gestion-de-patrimoine-2025\\\/\"},\"wordCount\":393,\"articleSection\":[\"Media and News\"],\"inLanguage\":\"en-US\"},{\"@type\":\"WebPage\",\"@id\":\"https:\\\/\\\/staging.fbt-avocats.ch\\\/en\\\/lequipe-parisienne-de-fbt-avocats-a-ete-distinguee-guide-gestion-de-patrimoine-2025\\\/\",\"url\":\"https:\\\/\\\/staging.fbt-avocats.ch\\\/en\\\/lequipe-parisienne-de-fbt-avocats-a-ete-distinguee-guide-gestion-de-patrimoine-2025\\\/\",\"name\":\"L\u2019\u00e9quipe parisienne de FBT Avocats SA a \u00e9t\u00e9 distingu\u00e9e dans le Guide Gestion de Patrimoine 2025 | FBT Avocats SA\",\"isPartOf\":{\"@id\":\"https:\\\/\\\/staging.fbt-avocats.ch\\\/en\\\/#website\"},\"datePublished\":\"2025-09-18T13:16:38+00:00\",\"dateModified\":\"2025-12-01T13:14:32+00:00\",\"author\":{\"@id\":\"https:\\\/\\\/staging.fbt-avocats.ch\\\/en\\\/#\\\/schema\\\/person\\\/53faa592d1d545188ce0efaa23e0b547\"},\"breadcrumb\":{\"@id\":\"https:\\\/\\\/staging.fbt-avocats.ch\\\/en\\\/lequipe-parisienne-de-fbt-avocats-a-ete-distinguee-guide-gestion-de-patrimoine-2025\\\/#breadcrumb\"},\"inLanguage\":\"en-US\",\"potentialAction\":[{\"@type\":\"ReadAction\",\"target\":[\"https:\\\/\\\/staging.fbt-avocats.ch\\\/en\\\/lequipe-parisienne-de-fbt-avocats-a-ete-distinguee-guide-gestion-de-patrimoine-2025\\\/\"]}]},{\"@type\":\"BreadcrumbList\",\"@id\":\"https:\\\/\\\/staging.fbt-avocats.ch\\\/en\\\/lequipe-parisienne-de-fbt-avocats-a-ete-distinguee-guide-gestion-de-patrimoine-2025\\\/#breadcrumb\",\"itemListElement\":[{\"@type\":\"ListItem\",\"position\":1,\"name\":\"Home\",\"item\":\"https:\\\/\\\/staging.fbt-avocats.ch\\\/en\\\/\"},{\"@type\":\"ListItem\",\"position\":2,\"name\":\"L\u2019\u00e9quipe parisienne de FBT Avocats SA a \u00e9t\u00e9 distingu\u00e9e dans le Guide Gestion de Patrimoine 2025\"}]},{\"@type\":\"WebSite\",\"@id\":\"https:\\\/\\\/staging.fbt-avocats.ch\\\/en\\\/#website\",\"url\":\"https:\\\/\\\/staging.fbt-avocats.ch\\\/en\\\/\",\"name\":\"FBT Avocats SA\",\"description\":\"Etudes bas\u00e9es \u00e0 Gen\u00e8ve et Paris\",\"potentialAction\":[{\"@type\":\"SearchAction\",\"target\":{\"@type\":\"EntryPoint\",\"urlTemplate\":\"https:\\\/\\\/staging.fbt-avocats.ch\\\/en\\\/?s={search_term_string}\"},\"query-input\":{\"@type\":\"PropertyValueSpecification\",\"valueRequired\":true,\"valueName\":\"search_term_string\"}}],\"inLanguage\":\"en-US\"},{\"@type\":\"Person\",\"@id\":\"https:\\\/\\\/staging.fbt-avocats.ch\\\/en\\\/#\\\/schema\\\/person\\\/53faa592d1d545188ce0efaa23e0b547\",\"name\":\"Yann Bellini\"}]}<\/script>\n<!-- \/ Yoast SEO Premium plugin. -->","yoast_head_json":{"title":"L\u2019\u00e9quipe parisienne de FBT Avocats SA a \u00e9t\u00e9 distingu\u00e9e dans le Guide Gestion de Patrimoine 2025 | FBT Avocats SA","robots":{"index":"noindex","follow":"follow","max-snippet":"max-snippet:-1","max-image-preview":"max-image-preview:large","max-video-preview":"max-video-preview:-1"},"og_locale":"en_US","og_type":"article","og_title":"L\u2019\u00e9quipe parisienne de FBT Avocats SA a \u00e9t\u00e9 distingu\u00e9e dans le Guide Gestion de Patrimoine 2025","og_description":"Notre \u00c9tude y est reconnue pour sa forte notori\u00e9t\u00e9 en fiscalit\u00e9 du patrimoine ainsi qu\u2019en assistance pr\u00e9contentieuse et contentieuse.","og_url":"https:\/\/staging.fbt-avocats.ch\/en\/lequipe-parisienne-de-fbt-avocats-a-ete-distinguee-guide-gestion-de-patrimoine-2025\/","og_site_name":"FBT Avocats SA","article_published_time":"2025-09-18T13:16:38+00:00","article_modified_time":"2025-12-01T13:14:32+00:00","author":"Yann Bellini","twitter_card":"summary_large_image","twitter_misc":{"Written by":"Yann Bellini","Est. reading time":"2 minutes"},"schema":{"@context":"https:\/\/schema.org","@graph":[{"@type":"Article","@id":"https:\/\/staging.fbt-avocats.ch\/en\/lequipe-parisienne-de-fbt-avocats-a-ete-distinguee-guide-gestion-de-patrimoine-2025\/#article","isPartOf":{"@id":"https:\/\/staging.fbt-avocats.ch\/en\/lequipe-parisienne-de-fbt-avocats-a-ete-distinguee-guide-gestion-de-patrimoine-2025\/"},"author":{"name":"Yann Bellini","@id":"https:\/\/staging.fbt-avocats.ch\/en\/#\/schema\/person\/53faa592d1d545188ce0efaa23e0b547"},"headline":"L\u2019\u00e9quipe parisienne de FBT Avocats SA a \u00e9t\u00e9 distingu\u00e9e dans le Guide Gestion de Patrimoine 2025","datePublished":"2025-09-18T13:16:38+00:00","dateModified":"2025-12-01T13:14:32+00:00","mainEntityOfPage":{"@id":"https:\/\/staging.fbt-avocats.ch\/en\/lequipe-parisienne-de-fbt-avocats-a-ete-distinguee-guide-gestion-de-patrimoine-2025\/"},"wordCount":393,"articleSection":["Media and News"],"inLanguage":"en-US"},{"@type":"WebPage","@id":"https:\/\/staging.fbt-avocats.ch\/en\/lequipe-parisienne-de-fbt-avocats-a-ete-distinguee-guide-gestion-de-patrimoine-2025\/","url":"https:\/\/staging.fbt-avocats.ch\/en\/lequipe-parisienne-de-fbt-avocats-a-ete-distinguee-guide-gestion-de-patrimoine-2025\/","name":"L\u2019\u00e9quipe parisienne de FBT Avocats SA a \u00e9t\u00e9 distingu\u00e9e dans le Guide Gestion de Patrimoine 2025 | FBT Avocats SA","isPartOf":{"@id":"https:\/\/staging.fbt-avocats.ch\/en\/#website"},"datePublished":"2025-09-18T13:16:38+00:00","dateModified":"2025-12-01T13:14:32+00:00","author":{"@id":"https:\/\/staging.fbt-avocats.ch\/en\/#\/schema\/person\/53faa592d1d545188ce0efaa23e0b547"},"breadcrumb":{"@id":"https:\/\/staging.fbt-avocats.ch\/en\/lequipe-parisienne-de-fbt-avocats-a-ete-distinguee-guide-gestion-de-patrimoine-2025\/#breadcrumb"},"inLanguage":"en-US","potentialAction":[{"@type":"ReadAction","target":["https:\/\/staging.fbt-avocats.ch\/en\/lequipe-parisienne-de-fbt-avocats-a-ete-distinguee-guide-gestion-de-patrimoine-2025\/"]}]},{"@type":"BreadcrumbList","@id":"https:\/\/staging.fbt-avocats.ch\/en\/lequipe-parisienne-de-fbt-avocats-a-ete-distinguee-guide-gestion-de-patrimoine-2025\/#breadcrumb","itemListElement":[{"@type":"ListItem","position":1,"name":"Home","item":"https:\/\/staging.fbt-avocats.ch\/en\/"},{"@type":"ListItem","position":2,"name":"L\u2019\u00e9quipe parisienne de FBT Avocats SA a \u00e9t\u00e9 distingu\u00e9e dans le Guide Gestion de Patrimoine 2025"}]},{"@type":"WebSite","@id":"https:\/\/staging.fbt-avocats.ch\/en\/#website","url":"https:\/\/staging.fbt-avocats.ch\/en\/","name":"FBT Avocats SA","description":"Etudes bas\u00e9es \u00e0 Gen\u00e8ve et Paris","potentialAction":[{"@type":"SearchAction","target":{"@type":"EntryPoint","urlTemplate":"https:\/\/staging.fbt-avocats.ch\/en\/?s={search_term_string}"},"query-input":{"@type":"PropertyValueSpecification","valueRequired":true,"valueName":"search_term_string"}}],"inLanguage":"en-US"},{"@type":"Person","@id":"https:\/\/staging.fbt-avocats.ch\/en\/#\/schema\/person\/53faa592d1d545188ce0efaa23e0b547","name":"Yann Bellini"}]}},"_links":{"self":[{"href":"https:\/\/staging.fbt-avocats.ch\/en\/wp-json\/wp\/v2\/posts\/30991","targetHints":{"allow":["GET"]}}],"collection":[{"href":"https:\/\/staging.fbt-avocats.ch\/en\/wp-json\/wp\/v2\/posts"}],"about":[{"href":"https:\/\/staging.fbt-avocats.ch\/en\/wp-json\/wp\/v2\/types\/post"}],"author":[{"embeddable":true,"href":"https:\/\/staging.fbt-avocats.ch\/en\/wp-json\/wp\/v2\/users\/26"}],"replies":[{"embeddable":true,"href":"https:\/\/staging.fbt-avocats.ch\/en\/wp-json\/wp\/v2\/comments?post=30991"}],"version-history":[{"count":0,"href":"https:\/\/staging.fbt-avocats.ch\/en\/wp-json\/wp\/v2\/posts\/30991\/revisions"}],"wp:attachment":[{"href":"https:\/\/staging.fbt-avocats.ch\/en\/wp-json\/wp\/v2\/media?parent=30991"}],"wp:term":[{"taxonomy":"category","embeddable":true,"href":"https:\/\/staging.fbt-avocats.ch\/en\/wp-json\/wp\/v2\/categories?post=30991"},{"taxonomy":"post_tag","embeddable":true,"href":"https:\/\/staging.fbt-avocats.ch\/en\/wp-json\/wp\/v2\/tags?post=30991"},{"taxonomy":"datespeciale","embeddable":true,"href":"https:\/\/staging.fbt-avocats.ch\/en\/wp-json\/wp\/v2\/datespeciale?post=30991"}],"curies":[{"name":"wp","href":"https:\/\/api.w.org\/{rel}","templated":true}]}}