{"id":31046,"date":"2025-03-18T15:46:12","date_gmt":"2025-03-18T14:46:12","guid":{"rendered":"https:\/\/www.fbt-avocats.ch\/chambers-and-partners-have-released-their-2025-rankings-and-fbt-avocats-has-been-distinguished-as-a-leading-law-firm\/"},"modified":"2025-11-18T15:59:02","modified_gmt":"2025-11-18T14:59:02","slug":"chambers-and-partners-have-released-their-2025-rankings-and-fbt-avocats-has-been-distinguished-as-a-leading-law-firm","status":"publish","type":"post","link":"https:\/\/staging.fbt-avocats.ch\/en\/chambers-and-partners-have-released-their-2025-rankings-and-fbt-avocats-has-been-distinguished-as-a-leading-law-firm\/","title":{"rendered":"Chambers and Partners have released their 2025 rankings and FBT Avocats SA has been distinguished as a leading law firm"},"content":{"rendered":"\n<style type=\"text\/css\" data-created_by=\"avia_inline_auto\" id=\"style-css-av-2etm70-18119d64f2fb4dae83c6c7ce50a97b7b\">\n.flex_column.av-2etm70-18119d64f2fb4dae83c6c7ce50a97b7b{\nborder-radius:0px 0px 0px 0px;\npadding:0px 0px 0px 0px;\n}\n<\/style>\n<div  class='flex_column av-2etm70-18119d64f2fb4dae83c6c7ce50a97b7b av_one_full  avia-builder-el-0  el_before_av_hr  avia-builder-el-first  first flex_column_div av-zero-column-padding  '     ><p>\n<style type=\"text\/css\" data-created_by=\"avia_inline_auto\" id=\"style-css-av-mi4oydkt-09e15f9e18a4dcd869032bac48da0d8b\">\n#top .av-special-heading.av-mi4oydkt-09e15f9e18a4dcd869032bac48da0d8b{\npadding-bottom:10px;\nfont-size:26px;\n}\nbody .av-special-heading.av-mi4oydkt-09e15f9e18a4dcd869032bac48da0d8b .av-special-heading-tag .heading-char{\nfont-size:25px;\n}\n#top #wrap_all .av-special-heading.av-mi4oydkt-09e15f9e18a4dcd869032bac48da0d8b .av-special-heading-tag{\nfont-size:26px;\n}\n.av-special-heading.av-mi4oydkt-09e15f9e18a4dcd869032bac48da0d8b .av-subheading{\nfont-size:15px;\n}\n\n@media only screen and (min-width: 480px) and (max-width: 767px){ \n#top #wrap_all .av-special-heading.av-mi4oydkt-09e15f9e18a4dcd869032bac48da0d8b .av-special-heading-tag{\nfont-size:0.8em;\n}\n}\n\n@media only screen and (max-width: 479px){ \n#top #wrap_all .av-special-heading.av-mi4oydkt-09e15f9e18a4dcd869032bac48da0d8b .av-special-heading-tag{\nfont-size:0.8em;\n}\n}\n<\/style>\n<div  class='av-special-heading av-mi4oydkt-09e15f9e18a4dcd869032bac48da0d8b av-special-heading-h1 blockquote modern-quote  avia-builder-el-1  el_before_av_textblock  avia-builder-el-first  av-inherit-size'><h1 class='av-special-heading-tag '  itemprop=\"headline\"  >Chambers and Partners have released their 2025 rankings and FBT Avocats SA has been distinguished as a leading law firm<\/h1><div class='av-subheading av-subheading_below'><p>Mars 2025<br \/>\nFr\u00e9d\u00e9rique Bensahel, Michel Abt and Alain Moreau<\/p>\n<\/div><div class=\"special-heading-border\"><div class=\"special-heading-inner-border\"><\/div><\/div><\/div><br \/>\n<section  class='av_textblock_section av-jnbvyq3d-c7f69aaf0105aaab2cdd6aefc764e89e '   itemscope=\"itemscope\" itemtype=\"https:\/\/schema.org\/BlogPosting\" itemprop=\"blogPost\" ><div class='avia_textblock'  itemprop=\"text\" ><p>Chambers and Partners have released their 2025 rankings and FBT Avocats SA has been distinguished as a leading law firm.<\/p>\n<p>Once again this year, our Partners <a href=\"https:\/\/staging.fbt-avocats.ch\/en\/portfolio-item\/frederique-bensahel\/\">Fr\u00e9d\u00e9rique Bensahel<\/a>, <a href=\"https:\/\/staging.fbt-avocats.ch\/en\/portfolio-item\/michel-abt\/\">Michel Abt<\/a> and <a href=\"https:\/\/staging.fbt-avocats.ch\/en\/portfolio-item\/alain-moreau\/\">Alain Moreau<\/a> won individual recognitions in the following practice areas: <a href=\"https:\/\/staging.fbt-avocats.ch\/en\/competence\/banking-and-finance\/\">Banking &amp; Finance<\/a>, Investment Funds and <a href=\"https:\/\/staging.fbt-avocats.ch\/en\/competence\/tax-and-corporate-lawyers\/\">Tax<\/a>.<\/p>\n<p>We extend our heartfelt congratulations to them and deepest gratitude to all members of our dedicated team!<\/p>\n<p>For further information:<br \/>\n<a href=\"https:\/\/chambers.com\/law-firm\/fbt-attorneys-at-law-global-2:136556\" target=\"_blank\" rel=\"noopener\">www.chambers.com<\/a><\/p>\n<\/div><\/section><\/p><\/div>\n<style type=\"text\/css\" data-created_by=\"avia_inline_auto\" id=\"style-css-av-mi4l6rqf-3cddda0746d9892ddc6d57d8646a6edc\">\n#top .hr.hr-invisible.av-mi4l6rqf-3cddda0746d9892ddc6d57d8646a6edc{\nheight:30px;\n}\n<\/style>\n<div  class='hr av-mi4l6rqf-3cddda0746d9892ddc6d57d8646a6edc hr-invisible  avia-builder-el-3  el_after_av_one_full  el_before_av_slideshow '><span class='hr-inner '><span class=\"hr-inner-style\"><\/span><\/span><\/div><\/p>\n<div  class='avia-slideshow av-mi4l5a4j-705257e834003b0433a2a5f4d6217d27 avia-slideshow-no scaling av_slideshow avia-slide-slider  avia-builder-el-4  el_after_av_hr  avia-builder-el-last  av-slideshow-ui av-control-default av-slideshow-manual av-loop-once av-loop-manual-endless av-default-height-applied avia-slideshow-1' data-slideshow-options=\"{&quot;animation&quot;:&quot;slide&quot;,&quot;autoplay&quot;:false,&quot;loop_autoplay&quot;:&quot;once&quot;,&quot;interval&quot;:5,&quot;loop_manual&quot;:&quot;manual-endless&quot;,&quot;autoplay_stopper&quot;:false,&quot;noNavigation&quot;:false,&quot;bg_slider&quot;:false,&quot;keep_padding&quot;:false,&quot;hoverpause&quot;:false,&quot;show_slide_delay&quot;:0}\"  itemprop=\"image\" itemscope=\"itemscope\" itemtype=\"https:\/\/schema.org\/ImageObject\" ><ul class='avia-slideshow-inner ' style='padding-bottom: 52.333333333333%;'><li  class='avia-slideshow-slide av-mi4l5a4j-705257e834003b0433a2a5f4d6217d27__0  av-single-slide slide-1 slide-odd'><div data-rel='slideshow-1' class='avia-slide-wrap '   ><img fetchpriority=\"high\" class=\"wp-image-31039 avia-img-lazy-loading-not-31039\"  src='https:\/\/staging.fbt-avocats.ch\/wp-content\/uploads\/2025\/11\/1740040076770.jpg' width='1200' height='628' title='1740040076770' alt=''  itemprop=\"thumbnailUrl\"   \/><\/div><\/li><\/ul><\/div>\n","protected":false},"excerpt":{"rendered":"","protected":false},"author":26,"featured_media":0,"comment_status":"closed","ping_status":"closed","sticky":false,"template":"","format":"standard","meta":{"footnotes":""},"categories":[84],"tags":[],"datespeciale":[],"class_list":["post-31046","post","type-post","status-publish","format-standard","hentry","category-media-and-news","competences-banking-and-finance","competences-tax","auteurs-alain-moreau-en","auteurs-frederique-bensahel-en","auteurs-michel-abt-en","date-publication-2025-en","diffusion-groupe-bancaire-en","diffusion-groupe-fiscal-en","diffusion-medias-en"],"yoast_head":"<!-- This site is optimized with the Yoast SEO Premium plugin v27.4 (Yoast SEO v27.4) - https:\/\/yoast.com\/product\/yoast-seo-premium-wordpress\/ -->\n<title>Chambers and Partners have released their 2025 rankings and FBT Avocats SA has been distinguished as a leading law firm | FBT Avocats SA<\/title>\n<meta name=\"robots\" content=\"noindex, follow, max-snippet:-1, max-image-preview:large, max-video-preview:-1\" \/>\n<meta property=\"og:locale\" content=\"en_US\" \/>\n<meta property=\"og:type\" content=\"article\" \/>\n<meta property=\"og:title\" content=\"Chambers and Partners have released their 2025 rankings and FBT Avocats SA has been distinguished as a leading law firm\" \/>\n<meta property=\"og:url\" content=\"https:\/\/staging.fbt-avocats.ch\/en\/chambers-and-partners-have-released-their-2025-rankings-and-fbt-avocats-has-been-distinguished-as-a-leading-law-firm\/\" \/>\n<meta property=\"og:site_name\" content=\"FBT Avocats SA\" \/>\n<meta property=\"article:published_time\" content=\"2025-03-18T14:46:12+00:00\" \/>\n<meta property=\"article:modified_time\" content=\"2025-11-18T14:59:02+00:00\" \/>\n<meta name=\"author\" content=\"Yann Bellini\" \/>\n<meta name=\"twitter:card\" content=\"summary_large_image\" \/>\n<meta name=\"twitter:label1\" content=\"Written by\" \/>\n\t<meta name=\"twitter:data1\" content=\"Yann Bellini\" \/>\n\t<meta name=\"twitter:label2\" content=\"Est. reading time\" \/>\n\t<meta name=\"twitter:data2\" content=\"2 minutes\" \/>\n<script type=\"application\/ld+json\" class=\"yoast-schema-graph\">{\"@context\":\"https:\\\/\\\/schema.org\",\"@graph\":[{\"@type\":\"Article\",\"@id\":\"https:\\\/\\\/staging.fbt-avocats.ch\\\/en\\\/chambers-and-partners-have-released-their-2025-rankings-and-fbt-avocats-has-been-distinguished-as-a-leading-law-firm\\\/#article\",\"isPartOf\":{\"@id\":\"https:\\\/\\\/staging.fbt-avocats.ch\\\/en\\\/chambers-and-partners-have-released-their-2025-rankings-and-fbt-avocats-has-been-distinguished-as-a-leading-law-firm\\\/\"},\"author\":{\"name\":\"Yann Bellini\",\"@id\":\"https:\\\/\\\/staging.fbt-avocats.ch\\\/en\\\/#\\\/schema\\\/person\\\/53faa592d1d545188ce0efaa23e0b547\"},\"headline\":\"Chambers and Partners have released their 2025 rankings and FBT Avocats SA has been distinguished as a leading law firm\",\"datePublished\":\"2025-03-18T14:46:12+00:00\",\"dateModified\":\"2025-11-18T14:59:02+00:00\",\"mainEntityOfPage\":{\"@id\":\"https:\\\/\\\/staging.fbt-avocats.ch\\\/en\\\/chambers-and-partners-have-released-their-2025-rankings-and-fbt-avocats-has-been-distinguished-as-a-leading-law-firm\\\/\"},\"wordCount\":347,\"articleSection\":[\"Media and News\"],\"inLanguage\":\"en-US\"},{\"@type\":\"WebPage\",\"@id\":\"https:\\\/\\\/staging.fbt-avocats.ch\\\/en\\\/chambers-and-partners-have-released-their-2025-rankings-and-fbt-avocats-has-been-distinguished-as-a-leading-law-firm\\\/\",\"url\":\"https:\\\/\\\/staging.fbt-avocats.ch\\\/en\\\/chambers-and-partners-have-released-their-2025-rankings-and-fbt-avocats-has-been-distinguished-as-a-leading-law-firm\\\/\",\"name\":\"Chambers and Partners have released their 2025 rankings and FBT Avocats SA has been distinguished as a leading law firm | FBT Avocats SA\",\"isPartOf\":{\"@id\":\"https:\\\/\\\/staging.fbt-avocats.ch\\\/en\\\/#website\"},\"datePublished\":\"2025-03-18T14:46:12+00:00\",\"dateModified\":\"2025-11-18T14:59:02+00:00\",\"author\":{\"@id\":\"https:\\\/\\\/staging.fbt-avocats.ch\\\/en\\\/#\\\/schema\\\/person\\\/53faa592d1d545188ce0efaa23e0b547\"},\"breadcrumb\":{\"@id\":\"https:\\\/\\\/staging.fbt-avocats.ch\\\/en\\\/chambers-and-partners-have-released-their-2025-rankings-and-fbt-avocats-has-been-distinguished-as-a-leading-law-firm\\\/#breadcrumb\"},\"inLanguage\":\"en-US\",\"potentialAction\":[{\"@type\":\"ReadAction\",\"target\":[\"https:\\\/\\\/staging.fbt-avocats.ch\\\/en\\\/chambers-and-partners-have-released-their-2025-rankings-and-fbt-avocats-has-been-distinguished-as-a-leading-law-firm\\\/\"]}]},{\"@type\":\"BreadcrumbList\",\"@id\":\"https:\\\/\\\/staging.fbt-avocats.ch\\\/en\\\/chambers-and-partners-have-released-their-2025-rankings-and-fbt-avocats-has-been-distinguished-as-a-leading-law-firm\\\/#breadcrumb\",\"itemListElement\":[{\"@type\":\"ListItem\",\"position\":1,\"name\":\"Home\",\"item\":\"https:\\\/\\\/staging.fbt-avocats.ch\\\/en\\\/\"},{\"@type\":\"ListItem\",\"position\":2,\"name\":\"Chambers and Partners have released their 2025 rankings and FBT Avocats SA has been distinguished as a leading law firm\"}]},{\"@type\":\"WebSite\",\"@id\":\"https:\\\/\\\/staging.fbt-avocats.ch\\\/en\\\/#website\",\"url\":\"https:\\\/\\\/staging.fbt-avocats.ch\\\/en\\\/\",\"name\":\"FBT Avocats SA\",\"description\":\"Etudes bas\u00e9es \u00e0 Gen\u00e8ve et Paris\",\"potentialAction\":[{\"@type\":\"SearchAction\",\"target\":{\"@type\":\"EntryPoint\",\"urlTemplate\":\"https:\\\/\\\/staging.fbt-avocats.ch\\\/en\\\/?s={search_term_string}\"},\"query-input\":{\"@type\":\"PropertyValueSpecification\",\"valueRequired\":true,\"valueName\":\"search_term_string\"}}],\"inLanguage\":\"en-US\"},{\"@type\":\"Person\",\"@id\":\"https:\\\/\\\/staging.fbt-avocats.ch\\\/en\\\/#\\\/schema\\\/person\\\/53faa592d1d545188ce0efaa23e0b547\",\"name\":\"Yann Bellini\"}]}<\/script>\n<!-- \/ Yoast SEO Premium plugin. -->","yoast_head_json":{"title":"Chambers and Partners have released their 2025 rankings and FBT Avocats SA has been distinguished as a leading law firm | FBT Avocats SA","robots":{"index":"noindex","follow":"follow","max-snippet":"max-snippet:-1","max-image-preview":"max-image-preview:large","max-video-preview":"max-video-preview:-1"},"og_locale":"en_US","og_type":"article","og_title":"Chambers and Partners have released their 2025 rankings and FBT Avocats SA has been distinguished as a leading law firm","og_url":"https:\/\/staging.fbt-avocats.ch\/en\/chambers-and-partners-have-released-their-2025-rankings-and-fbt-avocats-has-been-distinguished-as-a-leading-law-firm\/","og_site_name":"FBT Avocats SA","article_published_time":"2025-03-18T14:46:12+00:00","article_modified_time":"2025-11-18T14:59:02+00:00","author":"Yann Bellini","twitter_card":"summary_large_image","twitter_misc":{"Written by":"Yann Bellini","Est. reading time":"2 minutes"},"schema":{"@context":"https:\/\/schema.org","@graph":[{"@type":"Article","@id":"https:\/\/staging.fbt-avocats.ch\/en\/chambers-and-partners-have-released-their-2025-rankings-and-fbt-avocats-has-been-distinguished-as-a-leading-law-firm\/#article","isPartOf":{"@id":"https:\/\/staging.fbt-avocats.ch\/en\/chambers-and-partners-have-released-their-2025-rankings-and-fbt-avocats-has-been-distinguished-as-a-leading-law-firm\/"},"author":{"name":"Yann Bellini","@id":"https:\/\/staging.fbt-avocats.ch\/en\/#\/schema\/person\/53faa592d1d545188ce0efaa23e0b547"},"headline":"Chambers and Partners have released their 2025 rankings and FBT Avocats SA has been distinguished as a leading law firm","datePublished":"2025-03-18T14:46:12+00:00","dateModified":"2025-11-18T14:59:02+00:00","mainEntityOfPage":{"@id":"https:\/\/staging.fbt-avocats.ch\/en\/chambers-and-partners-have-released-their-2025-rankings-and-fbt-avocats-has-been-distinguished-as-a-leading-law-firm\/"},"wordCount":347,"articleSection":["Media and News"],"inLanguage":"en-US"},{"@type":"WebPage","@id":"https:\/\/staging.fbt-avocats.ch\/en\/chambers-and-partners-have-released-their-2025-rankings-and-fbt-avocats-has-been-distinguished-as-a-leading-law-firm\/","url":"https:\/\/staging.fbt-avocats.ch\/en\/chambers-and-partners-have-released-their-2025-rankings-and-fbt-avocats-has-been-distinguished-as-a-leading-law-firm\/","name":"Chambers and Partners have released their 2025 rankings and FBT Avocats SA has been distinguished as a leading law firm | FBT Avocats SA","isPartOf":{"@id":"https:\/\/staging.fbt-avocats.ch\/en\/#website"},"datePublished":"2025-03-18T14:46:12+00:00","dateModified":"2025-11-18T14:59:02+00:00","author":{"@id":"https:\/\/staging.fbt-avocats.ch\/en\/#\/schema\/person\/53faa592d1d545188ce0efaa23e0b547"},"breadcrumb":{"@id":"https:\/\/staging.fbt-avocats.ch\/en\/chambers-and-partners-have-released-their-2025-rankings-and-fbt-avocats-has-been-distinguished-as-a-leading-law-firm\/#breadcrumb"},"inLanguage":"en-US","potentialAction":[{"@type":"ReadAction","target":["https:\/\/staging.fbt-avocats.ch\/en\/chambers-and-partners-have-released-their-2025-rankings-and-fbt-avocats-has-been-distinguished-as-a-leading-law-firm\/"]}]},{"@type":"BreadcrumbList","@id":"https:\/\/staging.fbt-avocats.ch\/en\/chambers-and-partners-have-released-their-2025-rankings-and-fbt-avocats-has-been-distinguished-as-a-leading-law-firm\/#breadcrumb","itemListElement":[{"@type":"ListItem","position":1,"name":"Home","item":"https:\/\/staging.fbt-avocats.ch\/en\/"},{"@type":"ListItem","position":2,"name":"Chambers and Partners have released their 2025 rankings and FBT Avocats SA has been distinguished as a leading law firm"}]},{"@type":"WebSite","@id":"https:\/\/staging.fbt-avocats.ch\/en\/#website","url":"https:\/\/staging.fbt-avocats.ch\/en\/","name":"FBT Avocats SA","description":"Etudes bas\u00e9es \u00e0 Gen\u00e8ve et Paris","potentialAction":[{"@type":"SearchAction","target":{"@type":"EntryPoint","urlTemplate":"https:\/\/staging.fbt-avocats.ch\/en\/?s={search_term_string}"},"query-input":{"@type":"PropertyValueSpecification","valueRequired":true,"valueName":"search_term_string"}}],"inLanguage":"en-US"},{"@type":"Person","@id":"https:\/\/staging.fbt-avocats.ch\/en\/#\/schema\/person\/53faa592d1d545188ce0efaa23e0b547","name":"Yann Bellini"}]}},"_links":{"self":[{"href":"https:\/\/staging.fbt-avocats.ch\/en\/wp-json\/wp\/v2\/posts\/31046","targetHints":{"allow":["GET"]}}],"collection":[{"href":"https:\/\/staging.fbt-avocats.ch\/en\/wp-json\/wp\/v2\/posts"}],"about":[{"href":"https:\/\/staging.fbt-avocats.ch\/en\/wp-json\/wp\/v2\/types\/post"}],"author":[{"embeddable":true,"href":"https:\/\/staging.fbt-avocats.ch\/en\/wp-json\/wp\/v2\/users\/26"}],"replies":[{"embeddable":true,"href":"https:\/\/staging.fbt-avocats.ch\/en\/wp-json\/wp\/v2\/comments?post=31046"}],"version-history":[{"count":0,"href":"https:\/\/staging.fbt-avocats.ch\/en\/wp-json\/wp\/v2\/posts\/31046\/revisions"}],"wp:attachment":[{"href":"https:\/\/staging.fbt-avocats.ch\/en\/wp-json\/wp\/v2\/media?parent=31046"}],"wp:term":[{"taxonomy":"category","embeddable":true,"href":"https:\/\/staging.fbt-avocats.ch\/en\/wp-json\/wp\/v2\/categories?post=31046"},{"taxonomy":"post_tag","embeddable":true,"href":"https:\/\/staging.fbt-avocats.ch\/en\/wp-json\/wp\/v2\/tags?post=31046"},{"taxonomy":"datespeciale","embeddable":true,"href":"https:\/\/staging.fbt-avocats.ch\/en\/wp-json\/wp\/v2\/datespeciale?post=31046"}],"curies":[{"name":"wp","href":"https:\/\/api.w.org\/{rel}","templated":true}]}}